{"id":1774,"date":"2025-05-02T10:45:52","date_gmt":"2025-05-02T10:45:52","guid":{"rendered":"https:\/\/jd.org.tr\/?p=1774"},"modified":"2025-05-02T10:45:52","modified_gmt":"2025-05-02T10:45:52","slug":"11-iag-uluslararasi-jeomorfoloji-konferansi","status":"publish","type":"post","link":"https:\/\/jd.org.tr\/index.php\/2025\/05\/02\/11-iag-uluslararasi-jeomorfoloji-konferansi\/","title":{"rendered":"11. IAG \/ Uluslararas\u0131 Jeomorfoloji Konferans\u0131"},"content":{"rendered":"\n<p>11. IAG Uluslararas\u0131 Jeomorfoloji Konferans\u0131 (2-6 \u015eubat 2026, Christchurch, Yeni Zelanda)<\/p>\n\n\n\n<p>IAG&nbsp;&nbsp;<strong><a href=\"https:\/\/www.confer.co.nz\/icg2026\/\">11. Jeomorfoloji Konferans\u0131,<\/a><\/strong><strong>&nbsp;2-6&nbsp;<a href=\"https:\/\/www.confer.co.nz\/icg2026\/\"><\/a>&nbsp;<\/strong><strong>\u015eubat 2026 tarihleri<\/strong>&nbsp;\u200b\u200baras\u0131nda&nbsp;&nbsp;<strong>Yeni Zelanda&#8217;n\u0131n Christchurch kentinde (\u014ctautahi, Aotearoa)<\/strong>&nbsp;ger\u00e7ekle\u015fecek&nbsp;! Tektonik olarak aktif ve jeolojik olarak gen\u00e7 olan Aotearoa Yeni Zelanda,&nbsp;<strong>d\u00fcnyadaki en y\u00fcksek y\u00fckselme ve a\u015f\u0131nma oranlar\u0131ndan<\/strong>&nbsp;baz\u0131lar\u0131yla&nbsp;<strong>etkileyici jeomorfolojik miras<\/strong>&nbsp;sunmaktad\u0131r !<strong><\/strong><strong><\/strong><strong><\/strong><\/p>\n\n\n\n<p><strong>Konferans bilimsel oturumlar, at\u00f6lyeler ve saha gezileri (konferans \u00f6ncesi, s\u0131ras\u0131nda ve sonras\u0131nda)<\/strong>&nbsp;i\u00e7erecektir&nbsp;&nbsp;! A\u015fa\u011f\u0131da t\u00fcm ayr\u0131nt\u0131lar\u0131,&nbsp;<strong>\u00f6nemli tarihleri \u200b\u200bve son tarihleri<\/strong>&nbsp;\u200b\u200bbulabilirsiniz . Bu arada,&nbsp;<a href=\"https:\/\/www.confer.co.nz\/icg2026\/\"><strong>konferans\u0131n web sitesini<\/strong><\/a>&nbsp;ziyaret edebilir veya&nbsp;<strong>g\u00fcncellemeleri ve bildirimleri e-posta ile almak i\u00e7in kaydolabilirsiniz<\/strong>&nbsp;:&nbsp;<a href=\"https:\/\/confer.eventsair.com\/icg2026\/eoi\/Site\/Register\">https:\/\/confer.eventsair.com\/icg2026\/eoi\/Site\/Register<\/a>&nbsp;.<\/p>\n\n\n<div class=\"wp-block-image\">\n<figure class=\"aligncenter size-large is-resized\"><img loading=\"lazy\" decoding=\"async\" width=\"1024\" height=\"576\" src=\"https:\/\/jd.org.tr\/wp-content\/uploads\/2025\/05\/IAG_sempozyum-1024x576.jpg\" alt=\"\" class=\"wp-image-1775\" style=\"width:1049px;height:auto\" srcset=\"https:\/\/jd.org.tr\/wp-content\/uploads\/2025\/05\/IAG_sempozyum-1024x576.jpg 1024w, https:\/\/jd.org.tr\/wp-content\/uploads\/2025\/05\/IAG_sempozyum-300x169.jpg 300w, https:\/\/jd.org.tr\/wp-content\/uploads\/2025\/05\/IAG_sempozyum-768x432.jpg 768w, https:\/\/jd.org.tr\/wp-content\/uploads\/2025\/05\/IAG_sempozyum-1536x864.jpg 1536w, https:\/\/jd.org.tr\/wp-content\/uploads\/2025\/05\/IAG_sempozyum-2048x1152.jpg 2048w\" sizes=\"auto, (max-width: 1024px) 100vw, 1024px\" \/><\/figure>\n<\/div>","protected":false},"excerpt":{"rendered":"<p>11. IAG Uluslararas\u0131 Jeomorfoloji Konferans\u0131 (2-6 \u015eubat 2026, Christchurch, Yeni Zelanda) IAG&nbsp;&nbsp;11. Jeomorfoloji Konferans\u0131,&nbsp;2-6&nbsp;&nbsp;\u015eubat 2026 tarihleri&nbsp;\u200b\u200baras\u0131nda&nbsp;&nbsp;Yeni Zelanda&#8217;n\u0131n Christchurch kentinde (\u014ctautahi, Aotearoa)&nbsp;ger\u00e7ekle\u015fecek&nbsp;! Tektonik olarak&#8230;<\/p>\n","protected":false},"author":1,"featured_media":1775,"comment_status":"closed","ping_status":"closed","sticky":false,"template":"","format":"standard","meta":{"pagelayer_contact_templates":[],"_pagelayer_content":"","_kadence_starter_templates_imported_post":false,"_kad_post_transparent":"","_kad_post_title":"","_kad_post_layout":"","_kad_post_sidebar_id":"","_kad_post_content_style":"","_kad_post_vertical_padding":"","_kad_post_feature":"","_kad_post_feature_position":"","_kad_post_header":false,"_kad_post_footer":false,"_kad_post_classname":"","footnotes":""},"categories":[12],"tags":[22,23,24],"class_list":["post-1774","post","type-post","status-publish","format-standard","has-post-thumbnail","hentry","category-duyuru","tag-iag","tag-jeomorfoloji-konferansi","tag-uluslararasi-jeomorfoloji-konferansi"],"_links":{"self":[{"href":"https:\/\/jd.org.tr\/index.php\/wp-json\/wp\/v2\/posts\/1774","targetHints":{"allow":["GET"]}}],"collection":[{"href":"https:\/\/jd.org.tr\/index.php\/wp-json\/wp\/v2\/posts"}],"about":[{"href":"https:\/\/jd.org.tr\/index.php\/wp-json\/wp\/v2\/types\/post"}],"author":[{"embeddable":true,"href":"https:\/\/jd.org.tr\/index.php\/wp-json\/wp\/v2\/users\/1"}],"replies":[{"embeddable":true,"href":"https:\/\/jd.org.tr\/index.php\/wp-json\/wp\/v2\/comments?post=1774"}],"version-history":[{"count":1,"href":"https:\/\/jd.org.tr\/index.php\/wp-json\/wp\/v2\/posts\/1774\/revisions"}],"predecessor-version":[{"id":1776,"href":"https:\/\/jd.org.tr\/index.php\/wp-json\/wp\/v2\/posts\/1774\/revisions\/1776"}],"wp:featuredmedia":[{"embeddable":true,"href":"https:\/\/jd.org.tr\/index.php\/wp-json\/wp\/v2\/media\/1775"}],"wp:attachment":[{"href":"https:\/\/jd.org.tr\/index.php\/wp-json\/wp\/v2\/media?parent=1774"}],"wp:term":[{"taxonomy":"category","embeddable":true,"href":"https:\/\/jd.org.tr\/index.php\/wp-json\/wp\/v2\/categories?post=1774"},{"taxonomy":"post_tag","embeddable":true,"href":"https:\/\/jd.org.tr\/index.php\/wp-json\/wp\/v2\/tags?post=1774"}],"curies":[{"name":"wp","href":"https:\/\/api.w.org\/{rel}","templated":true}]}}